{"id":6949,"date":"2024-06-11T15:30:11","date_gmt":"2024-06-11T13:30:11","guid":{"rendered":"https:\/\/feaf.es\/?p=6949"},"modified":"2024-06-12T17:16:52","modified_gmt":"2024-06-12T15:16:52","slug":"entrevista-a-izar-garitagoitia-presidenta-de-tedfun","status":"publish","type":"post","link":"https:\/\/feaf.es\/en\/blog\/entrevista-a-izar-garitagoitia-presidenta-de-tedfun\/","title":{"rendered":"Entrevista a Izar Garitagoitia, Presidenta de TEDFUN"},"content":{"rendered":"\n<p>Acept\u00f3 acceder a la presidencia de TEDFUN (Asociaci\u00f3n T\u00e9cnica y Desarrollo de la Fundici\u00f3n a Presi\u00f3n Espa\u00f1ola) en junio 2023, para cumplir una promesa, y est\u00e1 satisfecha de haber accedido, a\u00fan sabiendo que tiene retos importantes por delante. <\/p>\n\n\n\n<!--more-->\n\n\n\n<p>Se llama Izar Garitagoitia y defiende un sector, el de la fundici\u00f3n inyectada, en el que asegura no haberse encontrado con ning\u00fan techo de cristal.\u00a0<\/p>\n\n\n\n<p><strong>\u00bfQui\u00e9n es Izar Garitagoitia?<\/strong><\/p>\n\n\n\n<p>\u2026 \u00e9sta seguro que es la pregunta m\u00e1s dif\u00edcil. Soy mujer, madre de tres hijas, ingeniera industrial con un MBA, que tras pasar varios a\u00f1os en Alemania, volv\u00ed a nuestra empresa familiar, Inyectados Gabi, como tercera generaci\u00f3n.<\/p>\n\n\n\n<p>Aqu\u00ed, me toc\u00f3 vivir varias crisis y un concurso de acreedores que finaliz\u00f3 con la adquisici\u00f3n de la unidad productiva de Gabi por parte del grupo MEK. Desde entonces, Septiembre 2020, soy Plant Manager de MEK CASTING.<\/p>\n\n\n\n<p><strong>\u00bfC\u00f3mo est\u00e1 afrontando la Presidencia de TEDFUN?<\/strong><\/p>\n\n\n\n<p>La Asamblea General de TEDFUN me eligi\u00f3 como presidenta en 2023, tras la jubilaci\u00f3n de Javier Arteta. Acept\u00e9 porque Marcial Alzaga, el director general, me lo hab\u00eda pedido hac\u00eda a\u00f1os y se lo hab\u00eda prometido.<\/p>\n\n\n\n<p>A partir de ah\u00ed, creo que el hecho de ser mujer, hace que la presidencia tenga un matiz diferente, pero tengo muy claro que mis predecesores lo hicieron muy bien y de entrada, me conformo con estar a su altura.<\/p>\n\n\n\n<p><strong>&nbsp;\u00bfQu\u00e9 retos se plantea?<\/strong><\/p>\n\n\n\n<p>De una forma general, lo primero es agrupar los problemas e intentar buscar soluciones para todo el colectivo, ya que somos conscientes de que juntos somos m\u00e1s fuertes.<\/p>\n\n\n\n<p>Si vamos a lo concreto, hay problemas de alcance que vienen dados por la situaci\u00f3n geopol\u00edtica y donde nos sentimos un tanto desamparados. EEUU protege a los suyos a trav\u00e9s de aranceles, China fabrica muy por encima de lo que puede consumir y en Europa nos encontramos con medidas que lejos de ayudar entorpecen, nos est\u00e1 imponiendo requisitos que el sistema no est\u00e1 preparado para llevar a cabo. Nos ponemos trabas a nosotros mismos, eso nos hace perder competitividad y nos deja claramente en desigualdad de condiciones.&nbsp;<\/p>\n\n\n\n<p><strong>\u00bfQu\u00e9 est\u00e1 ocurriendo con la incorporaci\u00f3n de personal cualificado?. \u00bfCu\u00e1les est\u00e1n siendo las mayores dificultades en nuestro sector?. \u00bfQu\u00e9 se puede hacer desde las empresas, la asociaci\u00f3n, las instituciones\u2026?<\/strong><\/p>\n\n\n\n<p>En este \u00e1mbito estamos ante una paradoja, el absentismo se ha convertido en un problema grav\u00edsimo y en paralelo no encontramos gente cualificada.<\/p>\n\n\n\n<p>Tenemos que hacer m\u00e1s atractiva la industria en general, haciendo hincapi\u00e9 en el sector de la fundici\u00f3n, dando a conocer nuestra realidad en la fundici\u00f3n del siglo XXI entre los m\u00e1s j\u00f3venes como para generar inquietud en ellos. Para ello, tenemos claro que la cooperaci\u00f3n con centros educativos, centros de empleo\u2026es cada vez m\u00e1s importante.&nbsp;<\/p>\n\n\n\n<p><strong>\u00bfC\u00f3mo ve la situaci\u00f3n actual de la presencia e incorporaci\u00f3n de mujeres al sector?<\/strong><\/p>\n\n\n\n<p>Creo que es una cuesti\u00f3n de educaci\u00f3n y sociedad. A m\u00ed me ha atra\u00eddo este mundo desde muy joven, pero hay que trabajar en la incorporaci\u00f3n de las mujeres al sector. La receta es tambi\u00e9n la de ense\u00f1ar lo que somos y c\u00f3mo hacemos las cosas hoy en d\u00eda.&nbsp;<\/p>\n\n\n\n<p>Las fundiciones est\u00e1n abiertas al talento femenino, y si sirve mi ejemplo, yo puedo asegurar que aqu\u00ed hay un gran hueco para nosotras.<\/p>\n","protected":false},"excerpt":{"rendered":"<p>Acept\u00f3 acceder a la presidencia de TEDFUN (Asociaci\u00f3n T\u00e9cnica y Desarrollo de la Fundici\u00f3n a Presi\u00f3n Espa\u00f1ola) en junio 2023, para cumplir una promesa, y est\u00e1 satisfecha de haber accedido, a\u00fan sabiendo que tiene retos importantes por delante.<\/p>\n","protected":false},"author":2,"featured_media":7013,"comment_status":"closed","ping_status":"closed","sticky":false,"template":"","format":"standard","meta":{"_acf_changed":false,"footnotes":""},"categories":[21],"tags":[],"class_list":["post-6949","post","type-post","status-publish","format-standard","has-post-thumbnail","hentry","category-entrevista","entry"],"acf":[],"_links":{"self":[{"href":"https:\/\/feaf.es\/en\/wp-json\/wp\/v2\/posts\/6949","targetHints":{"allow":["GET"]}}],"collection":[{"href":"https:\/\/feaf.es\/en\/wp-json\/wp\/v2\/posts"}],"about":[{"href":"https:\/\/feaf.es\/en\/wp-json\/wp\/v2\/types\/post"}],"author":[{"embeddable":true,"href":"https:\/\/feaf.es\/en\/wp-json\/wp\/v2\/users\/2"}],"replies":[{"embeddable":true,"href":"https:\/\/feaf.es\/en\/wp-json\/wp\/v2\/comments?post=6949"}],"version-history":[{"count":3,"href":"https:\/\/feaf.es\/en\/wp-json\/wp\/v2\/posts\/6949\/revisions"}],"predecessor-version":[{"id":6956,"href":"https:\/\/feaf.es\/en\/wp-json\/wp\/v2\/posts\/6949\/revisions\/6956"}],"wp:featuredmedia":[{"embeddable":true,"href":"https:\/\/feaf.es\/en\/wp-json\/wp\/v2\/media\/7013"}],"wp:attachment":[{"href":"https:\/\/feaf.es\/en\/wp-json\/wp\/v2\/media?parent=6949"}],"wp:term":[{"taxonomy":"category","embeddable":true,"href":"https:\/\/feaf.es\/en\/wp-json\/wp\/v2\/categories?post=6949"},{"taxonomy":"post_tag","embeddable":true,"href":"https:\/\/feaf.es\/en\/wp-json\/wp\/v2\/tags?post=6949"}],"curies":[{"name":"wp","href":"https:\/\/api.w.org\/{rel}","templated":true}]}}